{"id":2823,"date":"2022-10-19T17:53:43","date_gmt":"2022-10-19T15:53:43","guid":{"rendered":"https:\/\/www.cantinecolosi.it\/site\/?p=2823"},"modified":"2022-10-24T11:55:01","modified_gmt":"2022-10-24T09:55:01","slug":"la-saga-dei-pietro-da-salina-con-amore-per-la-malvasia-luciano-ferraro-sette-corriere-della-sera","status":"publish","type":"post","link":"https:\/\/www.cantinecolosi.it\/site\/index.php\/2022\/10\/19\/la-saga-dei-pietro-da-salina-con-amore-per-la-malvasia-luciano-ferraro-sette-corriere-della-sera\/","title":{"rendered":"La saga dei Pietro da Salina con amore (per la Malvasia). Luciano Ferraro, Sette &#8211; Corriere della Sera 01.07.22"},"content":{"rendered":"<p>La Famiglia Colosi e il bianco Secca del Capo.<\/p>\n<p>&#8220;Ho dato un passaggio a una bellissima ragazza, Lidia, che faceva l&#8217;autostop a Salina. L&#8217;ho sposata poco tempo dopo:<strong> Nozze e Malvasia, \u00e8 iniziata cos\u00ec la nostra storia alle Eolie. <\/strong>Cos\u00ec abbiamo creato il nostro bianco Secca del Capo&#8221;.<\/p>\n<p>Piero Colosi, grandi mani e volto bonario, \u00e8 il penultimo della saga familiare in cui i maschi portano lo stesso nome. Suo padre Pietro negli anni Settanta lavorava con Carlo Hauner, il vignaiolo bresciano che fece scoprire al mondo la Malvasia delle Lipari.<strong> Piero negli anni Ottanta inizi\u00f2 a comprare terreni abbandonati dagli isolani emigrati in Australia e negli Stati Uniti<\/strong> dopo il flagello della fillossera. &#8220;Erano piccoli pezzi di terra vulcanica. Una volta&#8221; , racconta Piero &#8220;abbiamo scovato 18 eredi per un singolo rogito, tra cui una signora in Svizzera che non sapeva di aver ereditato&#8221;.<\/p>\n<p>Il primo Vinitaly \u00e8 stato nel 1983. &#8220;C&#8217;era il Club del Gattopardo con i passiti siciliani, oltrepassando le Malvasie caramellose e torbide&#8221;.<\/p>\n<p>Pietro Junior, figlio di Piero, \u00e8 arrivato nella cantina sotterranea di Salina il giorno dopo la laurea a San Michele all&#8217;Adige. Con lui, gioviale esperto di pesca e vigne, la spinta a innovare si \u00e8 rafforzata.<\/p>\n<p><strong>Ora gli ettari sono 11, le bottiglie 80 mila. Un quarto di Malvasia nella versione secca, come il Secca del Capo<\/strong> (dal nome della zona pi\u00f9 pescosa delle Eolie, a sei miglia verso Panarea): <strong>un grande bianco che profuma di fichi d&#8217;india e rosmarino.\u00a0<\/strong><\/p>\n<p>In attesa del Guardiano del Faro, il nuovo rosso su cui punta la famiglia, un Nerello Mascalese in soli 2.500 bottiglie.<\/p>\n","protected":false},"excerpt":{"rendered":"<p>La Famiglia Colosi e il bianco Secca del Capo. &#8220;Ho dato un passaggio a una bellissima ragazza, Lidia, che faceva l&#8217;autostop a Salina. L&#8217;ho sposata poco tempo dopo: Nozze e Malvasia, \u00e8 iniziata cos\u00ec la nostra storia alle Eolie. Cos\u00ec abbiamo creato il nostro bianco Secca del Capo&#8221;. Piero Colosi, grandi mani e volto bonario,&hellip;<\/p>\n","protected":false},"author":3,"featured_media":2824,"comment_status":"closed","ping_status":"closed","sticky":false,"template":"","format":"standard","meta":{"footnotes":""},"categories":[41,3],"tags":[],"class_list":["post-2823","post","type-post","status-publish","format-standard","has-post-thumbnail","hentry","category-dicono-di-noi","category-news"],"_links":{"self":[{"href":"https:\/\/www.cantinecolosi.it\/site\/index.php\/wp-json\/wp\/v2\/posts\/2823","targetHints":{"allow":["GET"]}}],"collection":[{"href":"https:\/\/www.cantinecolosi.it\/site\/index.php\/wp-json\/wp\/v2\/posts"}],"about":[{"href":"https:\/\/www.cantinecolosi.it\/site\/index.php\/wp-json\/wp\/v2\/types\/post"}],"author":[{"embeddable":true,"href":"https:\/\/www.cantinecolosi.it\/site\/index.php\/wp-json\/wp\/v2\/users\/3"}],"replies":[{"embeddable":true,"href":"https:\/\/www.cantinecolosi.it\/site\/index.php\/wp-json\/wp\/v2\/comments?post=2823"}],"version-history":[{"count":2,"href":"https:\/\/www.cantinecolosi.it\/site\/index.php\/wp-json\/wp\/v2\/posts\/2823\/revisions"}],"predecessor-version":[{"id":2826,"href":"https:\/\/www.cantinecolosi.it\/site\/index.php\/wp-json\/wp\/v2\/posts\/2823\/revisions\/2826"}],"wp:featuredmedia":[{"embeddable":true,"href":"https:\/\/www.cantinecolosi.it\/site\/index.php\/wp-json\/wp\/v2\/media\/2824"}],"wp:attachment":[{"href":"https:\/\/www.cantinecolosi.it\/site\/index.php\/wp-json\/wp\/v2\/media?parent=2823"}],"wp:term":[{"taxonomy":"category","embeddable":true,"href":"https:\/\/www.cantinecolosi.it\/site\/index.php\/wp-json\/wp\/v2\/categories?post=2823"},{"taxonomy":"post_tag","embeddable":true,"href":"https:\/\/www.cantinecolosi.it\/site\/index.php\/wp-json\/wp\/v2\/tags?post=2823"}],"curies":[{"name":"wp","href":"https:\/\/api.w.org\/{rel}","templated":true}]}}